{"id":1205,"date":"2018-11-13T12:29:43","date_gmt":"2018-11-13T14:29:43","guid":{"rendered":"https:\/\/saudecaruaru.pe.gov.br\/site\/index.php\/2018\/11\/13\/institucional-2\/"},"modified":"2018-11-13T12:29:43","modified_gmt":"2018-11-13T14:29:43","slug":"institucional-2","status":"publish","type":"post","link":"https:\/\/saudecaruaru.pe.gov.br\/site\/index.php\/2018\/11\/13\/institucional-2\/","title":{"rendered":"Institucional"},"content":{"rendered":"<p style=\"text-align: justify; text-indent: 35.4pt;\">A Aten\u00e7\u00e3o Especializada compreende um conjunto de a\u00e7\u00f5es e servi\u00e7os de sa\u00fade realizados em ambiente ambulatorial e hospitalar, que incorporam a utiliza\u00e7\u00e3o de equipamentos m\u00e9dico-hospitalares e profissionais especializados para a produ\u00e7\u00e3o do cuidado integral em sa\u00fade de m\u00e9dia e alta complexidade.<\/p>\n<p style=\"text-align: justify; text-indent: 35.4pt;\">Essa aten\u00e7\u00e3o contempla cirurgias ambulatoriais e eletivas, a\u00e7\u00f5es especializadas em odontologia, patologia cl\u00ednica, anatomopatologia e citopatologia, exames de apoio ao diagn\u00f3stico por imagem, fisioterapia, terapias especializadas, pr\u00f3teses e \u00f3rteses.<\/p>\n","protected":false},"excerpt":{"rendered":"<p>A Aten\u00e7\u00e3o Especializada compreende um conjunto de a\u00e7\u00f5es e servi\u00e7os de sa\u00fade realizados em ambiente ambulatorial e hospitalar, que incorporam a utiliza\u00e7\u00e3o de equipamentos m\u00e9dico-hospitalares e profissionais especializados para a produ\u00e7\u00e3o do cuidado integral&#46;&#46;&#46;<\/p>\n","protected":false},"author":1,"featured_media":0,"comment_status":"open","ping_status":"open","sticky":false,"template":"","format":"standard","meta":{"footnotes":""},"categories":[76],"tags":[],"class_list":["post-1205","post","type-post","status-publish","format-standard","hentry","category-atencao-especializada"],"_links":{"self":[{"href":"https:\/\/saudecaruaru.pe.gov.br\/site\/index.php\/wp-json\/wp\/v2\/posts\/1205"}],"collection":[{"href":"https:\/\/saudecaruaru.pe.gov.br\/site\/index.php\/wp-json\/wp\/v2\/posts"}],"about":[{"href":"https:\/\/saudecaruaru.pe.gov.br\/site\/index.php\/wp-json\/wp\/v2\/types\/post"}],"author":[{"embeddable":true,"href":"https:\/\/saudecaruaru.pe.gov.br\/site\/index.php\/wp-json\/wp\/v2\/users\/1"}],"replies":[{"embeddable":true,"href":"https:\/\/saudecaruaru.pe.gov.br\/site\/index.php\/wp-json\/wp\/v2\/comments?post=1205"}],"version-history":[{"count":0,"href":"https:\/\/saudecaruaru.pe.gov.br\/site\/index.php\/wp-json\/wp\/v2\/posts\/1205\/revisions"}],"wp:attachment":[{"href":"https:\/\/saudecaruaru.pe.gov.br\/site\/index.php\/wp-json\/wp\/v2\/media?parent=1205"}],"wp:term":[{"taxonomy":"category","embeddable":true,"href":"https:\/\/saudecaruaru.pe.gov.br\/site\/index.php\/wp-json\/wp\/v2\/categories?post=1205"},{"taxonomy":"post_tag","embeddable":true,"href":"https:\/\/saudecaruaru.pe.gov.br\/site\/index.php\/wp-json\/wp\/v2\/tags?post=1205"}],"curies":[{"name":"wp","href":"https:\/\/api.w.org\/{rel}","templated":true}]}}