{"id":7458,"date":"2026-03-12T13:31:57","date_gmt":"2026-03-12T16:31:57","guid":{"rendered":"https:\/\/saudecaruaru.pe.gov.br\/site\/?p=7458"},"modified":"2026-03-16T09:23:40","modified_gmt":"2026-03-16T12:23:40","slug":"composicao-do-conselho-de-saude-em-2025","status":"publish","type":"post","link":"https:\/\/saudecaruaru.pe.gov.br\/site\/index.php\/2026\/03\/12\/composicao-do-conselho-de-saude-em-2025\/","title":{"rendered":"COMPOSI\u00c7\u00c3O DO CONSELHO DE SA\u00daDE EM 2025"},"content":{"rendered":"\n<p><strong><em><u>SEGMENTO DO GOVERNO\/PRESTADOR DE SERVI\u00c7O<\/u><\/em><\/strong><strong><em><u><\/u><\/em><\/strong><\/p>\n\n\n\n<p>SECRETARIA MUNICIPAL DE SA\u00daDE<\/p>\n\n\n\n<ol class=\"wp-block-list\">\n<li>TITULAR<strong>: <\/strong>&nbsp;Nadja Kelly Martins de Menezes Farias CPF 849.344.844-34<\/li>\n<\/ol>\n\n\n\n<p>SUPLENTE: Matheus Eduardo de Lima Neves CPF 106.879.454-29<\/p>\n\n\n\n<ul class=\"wp-block-list\">\n<li>TITULAR: &nbsp;Karla Maciel Gomes Coelho CPF 031.880.174-48<\/li>\n<\/ul>\n\n\n\n<p>SUPLENTE: Daniela Mascarenhas Gabriel dos Santos CPF 009.132.134-46<\/p>\n\n\n\n<ul class=\"wp-block-list\">\n<li>TITULAR: &nbsp;Giancarla de Santana Couto Rangel Pessoa e Melo CPF 490.806.104-10<\/li>\n<\/ul>\n\n\n\n<p>SUPLENTE: Jonatas Teotonio Sales Alves CPF 083.730.824-09<\/p>\n\n\n\n<ul class=\"wp-block-list\">\n<li>TITULAR: Samira Maria Santana Silva&nbsp;CPF 010.410.554-20<\/li>\n<\/ul>\n\n\n\n<p>SUPLENTE:&nbsp;Kelly Cristina Gomes Costa Clementino&nbsp;CPF 901.103.314-00<\/p>\n\n\n\n<p>SECRETARIA ESTADUAL DE SA\u00daDE &#8211; IV GERES<\/p>\n\n\n\n<p>TITULAR: Maria Cl\u00e1udia Ribeiro Agra CPF 936.290.444-68<\/p>\n\n\n\n<p>SUPLENTE: Aline Silva Flor\u00eancio de Lima CPF 120.545.114-55<\/p>\n\n\n\n<p>PRESTADOR DE SERVI\u00c7OS AO SUS &#8211; HOSPITAL MEMORIAL DE PERNAMBUCO<\/p>\n\n\n\n<p>TITULAR: Walex Nickyson Cavalcante Caju CPF 098.070.094-99<\/p>\n\n\n\n<p>SUPLENTE:&nbsp;Cristiane Maria de Oliveira CPF 053.062.504-08<\/p>\n\n\n\n<p><strong>R<\/strong><strong>epresentantes das entidades eleitas para o TRI\u00caNIO <\/strong><strong>202<\/strong><strong>4-<\/strong><strong>202<\/strong><strong>6<\/strong><\/p>\n\n\n\n<p><strong><em><u>SEGMENTO<\/u><\/em><\/strong><strong><em><u>:<\/u><\/em><\/strong><strong><em><u>&nbsp;TRABALHADORES <\/u><\/em><\/strong><strong><em><u>DA<\/u><\/em><\/strong><strong><em><u>&nbsp;SA\u00daDE<\/u><\/em><\/strong><\/p>\n\n\n\n<p>1-CONSELHO REGIONAL DE BIOMEDICINA<em><u><\/u><\/em><\/p>\n\n\n\n<p>TITULAR: Djair de Lima Ferreira J\u00fanior&nbsp;CPF 825.936.634-72<\/p>\n\n\n\n<p>SUPLENTE:&nbsp;F\u00e1bio Andr\u00e9 Ramos Couceiro CPF 658.322.564-68<\/p>\n\n\n\n<p>2-CONSELHO REGIONAL DE FARM\u00c1CIA<\/p>\n\n\n\n<p>TITULAR: Raquel Brito de Almeida Couto&nbsp;CPF 070.586.854-01<\/p>\n\n\n\n<p>SUPLENTE: Jessyca Wanessa Soares Ara\u00fajo Silva &nbsp;CPF 065.637.794-17<\/p>\n\n\n\n<p>3-CONSELHO REGIONAL DE ODONTOLOGIA<\/p>\n\n\n\n<p>TITULAR: Thayane Cavalcante Mendes da Silva CPF 119.284.574-95<\/p>\n\n\n\n<p>SUPLENTE: Fl\u00e1via Tatiana Santos Melo CPF 756.149.524-20<\/p>\n\n\n\n<p>4-CONSELHO REGIONAL DE PSICOLOGIA<\/p>\n\n\n\n<p>TITULAR: Rebecca Brayner Pereira CPF 057.913.694-92<\/p>\n\n\n\n<p>SUPLENTE: Qu\u00edron de Pontes CPF 074.093.484-88<\/p>\n\n\n\n<p>5-SINDICATO DOS ENFERMEIROS DO ESTADO DE PERNAMBUCO \u2013 SEEPE<\/p>\n\n\n\n<p>TITULAR: &nbsp;Maria Ang\u00e9lica Pires Raposo de Oliveira Gomes CPF 434.437.334-72<\/p>\n\n\n\n<p>SUPLENTE: Patr\u00edcia Daniella de Ara\u00fajo CPF 041.508.164-50<\/p>\n\n\n\n<p>6-SINDICATO PROFISSIONAL DOS AUXILIARES E T\u00c9CNICOS DE ENFERMAGEM de PERNAMBUCO \u2013 SATENPE<\/p>\n\n\n\n<p>TITULAR: Carlos Roberto Pereira da Silva&nbsp;CPF 501.876.354-04<\/p>\n\n\n\n<p>SUPLENTE: Auxiliadora Maria da Silva CPF 026.052.234-18<\/p>\n\n\n\n<p><strong><em>SEGMENTO:\u00a0\u00a0USU\u00c1RIOS DO SUS<\/em><\/strong><\/p>\n\n\n\n<p>ASSOCIA\u00c7\u00c3O CARUARUENSE DE CEGOS \u2013 ACACE<\/p>\n\n\n\n<p>TITULAR: Lucy Tertulina Alves Lima&nbsp;CPF 844.689.634-68<\/p>\n\n\n\n<p>SUPLENTE: Ma\u00edsa Alves de Lima CPF 084.631.924-16<\/p>\n\n\n\n<p>ASSOCIA\u00c7\u00c3O DO DESENVOLVIMENTO COMUNIT\u00c1RIO DE LAJES<\/p>\n\n\n\n<p>TITULAR: Jos\u00e9 de Arimateia Nunes de Medeiros&nbsp;CPF 944.438.234-68<\/p>\n\n\n\n<p>SUPLENTE: Jos\u00e9 Vitor Nunes de Medeiros&nbsp;&nbsp;CPF 140.967.974.-80<\/p>\n\n\n\n<p>ASSOCIA\u00c7\u00c3O DOS MORADORES E PEQUENOS PRODUTORES DO S\u00cdTIO SERRA VELHA<\/p>\n\n\n\n<p>TITULAR: Rom\u00e1rio dos Santos Silva&nbsp;CPF&nbsp;077.982.064-93<\/p>\n\n\n\n<p>SUPLENTE: C\u00edntia Raiane da S. Santos&nbsp;CPF 110.404.484-18<\/p>\n\n\n\n<p>4- ASSOCIA\u00c7\u00c3O DOS MORADORES E AGRICULTORES RURAIS DE RIACHO DOCE<\/p>\n\n\n\n<p>TITULAR: Walyson Oliveira da Costa CPF 108.525.234-59<\/p>\n\n\n\n<p>SUPLENTE: Maria Severina do Nascimento CPF 038.920.314-95<\/p>\n\n\n\n<p>&nbsp;ASSOCIA\u00c7\u00c3O DOS TRABALHADORES DO ASSENTAMENTO NORMANDIA<\/p>\n\n\n\n<p>TITULAR: &nbsp;Paulo Augusto Matias da Silva&nbsp;&nbsp;CPF 072.134.884-06<\/p>\n\n\n\n<p>SUPLENTE: Jair Henrique da Silva&nbsp;CPF 007.707.514-58<\/p>\n\n\n\n<p>&nbsp;CASA DOS POBRES S\u00c3O FRANCISCO DE ASSIS<\/p>\n\n\n\n<p>TITULAR: Sara Virg\u00ednia Rocha de Queiroz Leite CPF 039.612.674-05<\/p>\n\n\n\n<p>SUPLENTE: Rafaela dos Santos Melo de Oliveira CPF 052.506.754-09<\/p>\n\n\n\n<p>&nbsp;FUNDA\u00c7\u00c3O SANTU\u00c1RIO DAS COMUNIDADES ECLESIAIS DE BASE DO AGRESTE DE PERNAMBUCO<\/p>\n\n\n\n<p>TITULAR: Herm\u00ednia Lidu\u00edna Maria Boudens CPF 811.772.594-00<\/p>\n\n\n\n<p>SUPLENTE: Maria de Nazar\u00e9 Tavares de Miranda&nbsp;CPF 045.588.472-20<\/p>\n\n\n\n<p>&nbsp;INSTITUTO DE GEST\u00c3O SOCIAL DE PERNAMBUCO-IGESP<\/p>\n\n\n\n<p>TITULAR: Tha\u00eds Dominique Batista Beserra CPF 064.722.164-01<\/p>\n\n\n\n<p>SUPLENTE: &nbsp;Elton Emanoel Gomes Silva CPF 094.402.694-05<\/p>\n\n\n\n<p>&nbsp;LOJA MA\u00c7\u00d4NICA DEVER E HUMANIDADE<\/p>\n\n\n\n<p>TITULAR: &nbsp;Itamar Souza de Oliveira&nbsp;CPF 215.274.586-87<\/p>\n\n\n\n<p>SUPLENTE: Elpidio Freitas de Almeida J\u00fanior CPF 811.469.304-53<\/p>\n\n\n\n<p>&nbsp;PASTORAL DA CRIAN\u00c7A<\/p>\n\n\n\n<p>TITULAR: Wilka Moura de Souza Brand\u00e3o&nbsp;CPF 562.140.574-91<\/p>\n\n\n\n<p>SUPLENTE: Wanderleia&nbsp;&nbsp;Maria Moura de Souza CPF 560.998.354.15<\/p>\n\n\n\n<p>&nbsp;SINDICATO DOS TRABALHADORES RURAIS E AGRICULTORES E AGRICULTORAS FAMILIARES DE CARUARU-PE<\/p>\n\n\n\n<p>TITULAR: Maria Jos\u00e9 de Carvalho&nbsp;CPF 310.697.544-04<\/p>\n\n\n\n<p>SUPLENTE: Nat\u00e1lia Nunes de Lima Pereira da Silva CPF 120.032.964-33<\/p>\n\n\n\n<p>12-UNI\u00c3O BENEFICENTE DOS ARTISTAS E PROFISSIONAIS DE CARUARU<\/p>\n\n\n\n<p>TITULAR: &nbsp;Elis\u00e2ngela Maria e Souza Silva Donato&nbsp;CPF 025.484.274-71<\/p>\n\n\n\n<p>SUPLENTE: Jos\u00e9 Marcolino da Silva&nbsp;CPF 080.999.014-87<\/p>\n\n\n\n<h1 class=\"wp-block-heading\"><\/h1>\n","protected":false},"excerpt":{"rendered":"<p>SEGMENTO DO GOVERNO\/PRESTADOR DE SERVI\u00c7O SECRETARIA MUNICIPAL DE SA\u00daDE SUPLENTE: Matheus Eduardo de Lima Neves CPF 106.879.454-29 SUPLENTE: Daniela Mascarenhas Gabriel dos Santos CPF 009.132.134-46 SUPLENTE: Jonatas Teotonio Sales Alves CPF 083.730.824-09 SUPLENTE:&nbsp;Kelly Cristina&#46;&#46;&#46;<\/p>\n","protected":false},"author":16,"featured_media":0,"comment_status":"open","ping_status":"open","sticky":false,"template":"","format":"standard","meta":{"footnotes":""},"categories":[131],"tags":[],"class_list":["post-7458","post","type-post","status-publish","format-standard","hentry","category-composicao-do-conselho"],"_links":{"self":[{"href":"https:\/\/saudecaruaru.pe.gov.br\/site\/index.php\/wp-json\/wp\/v2\/posts\/7458"}],"collection":[{"href":"https:\/\/saudecaruaru.pe.gov.br\/site\/index.php\/wp-json\/wp\/v2\/posts"}],"about":[{"href":"https:\/\/saudecaruaru.pe.gov.br\/site\/index.php\/wp-json\/wp\/v2\/types\/post"}],"author":[{"embeddable":true,"href":"https:\/\/saudecaruaru.pe.gov.br\/site\/index.php\/wp-json\/wp\/v2\/users\/16"}],"replies":[{"embeddable":true,"href":"https:\/\/saudecaruaru.pe.gov.br\/site\/index.php\/wp-json\/wp\/v2\/comments?post=7458"}],"version-history":[{"count":2,"href":"https:\/\/saudecaruaru.pe.gov.br\/site\/index.php\/wp-json\/wp\/v2\/posts\/7458\/revisions"}],"predecessor-version":[{"id":7468,"href":"https:\/\/saudecaruaru.pe.gov.br\/site\/index.php\/wp-json\/wp\/v2\/posts\/7458\/revisions\/7468"}],"wp:attachment":[{"href":"https:\/\/saudecaruaru.pe.gov.br\/site\/index.php\/wp-json\/wp\/v2\/media?parent=7458"}],"wp:term":[{"taxonomy":"category","embeddable":true,"href":"https:\/\/saudecaruaru.pe.gov.br\/site\/index.php\/wp-json\/wp\/v2\/categories?post=7458"},{"taxonomy":"post_tag","embeddable":true,"href":"https:\/\/saudecaruaru.pe.gov.br\/site\/index.php\/wp-json\/wp\/v2\/tags?post=7458"}],"curies":[{"name":"wp","href":"https:\/\/api.w.org\/{rel}","templated":true}]}}