{"id":7463,"date":"2026-03-12T13:36:49","date_gmt":"2026-03-12T16:36:49","guid":{"rendered":"https:\/\/saudecaruaru.pe.gov.br\/site\/?p=7463"},"modified":"2026-03-12T13:36:52","modified_gmt":"2026-03-12T16:36:52","slug":"composicao-do-conselho-de-saude-fevereiro-2026-2","status":"publish","type":"post","link":"https:\/\/saudecaruaru.pe.gov.br\/site\/index.php\/2026\/03\/12\/composicao-do-conselho-de-saude-fevereiro-2026-2\/","title":{"rendered":"Composi\u00e7\u00e3o do Conselho de Sa\u00fade fevereiro 2026"},"content":{"rendered":"\n<p><strong>Representantes das entidades eleitas para o TRI\u00caNIO 2024-2026<\/strong><\/p>\n\n\n\n<p><strong><em><u>SEGMENTO DO GOVERNO\/PRESTADOR DE SERVI\u00c7O<\/u><\/em><\/strong><strong><em><u><\/u><\/em><\/strong><\/p>\n\n\n\n<p>SECRETARIA MUNICIPAL DE SA\u00daDE<\/p>\n\n\n\n<p>TITULAR<strong>:&nbsp;<\/strong>Matheus Eduardo de Lima Neves<\/p>\n\n\n\n<p>SUPLENTE: Ant\u00f4nio Gon\u00e7alves da Silva Neto&nbsp;<\/p>\n\n\n\n<p>TITULAR: &nbsp;Laryssa Karol &nbsp;Ferreira dos Santos<\/p>\n\n\n\n<p>SUPLENTE: Daniela Mascarenhas Gabriel dos Santos<\/p>\n\n\n\n<p>TITULAR: &nbsp;&nbsp;David dos Santos Oliveira<\/p>\n\n\n\n<p>SUPLENTE: Jonatas Teotonio Sales Alves<\/p>\n\n\n\n<p>TITULAR: Samira Maria Santana Silva&nbsp;<\/p>\n\n\n\n<p>SUPLENTE:&nbsp;Kelly Cristina Gomes Costa Clementino&nbsp;<\/p>\n\n\n\n<p>SECRETARIA ESTADUAL DE SA\u00daDE \u2013 IV GERES<\/p>\n\n\n\n<p>TITULAR: Aline Silva Flor\u00eancio de Lima<\/p>\n\n\n\n<p>SUPLENTE:<\/p>\n\n\n\n<p>PRESTADOR DE SERVI\u00c7OS AO SUS \u2013 HOSPITAL MEMORIAL DE PERNAMBUCO<\/p>\n\n\n\n<p>TITULAR: Walex Nickyson Cavalcante Caju<\/p>\n\n\n\n<p>SUPLENTE:&nbsp;Cristiane Maria de Oliveira<\/p>\n\n\n\n<p><strong><em><u>SEGMENTO<\/u><\/em><\/strong><strong><em><u>:<\/u><\/em><\/strong><strong><em><u>&nbsp;TRABALHADORES&nbsp;<\/u><\/em><\/strong><strong><em><u>DA<\/u><\/em><\/strong><strong><em><u>&nbsp;SA\u00daDE<\/u><\/em><\/strong><\/p>\n\n\n\n<p>CONSELHO REGIONAL DE BIOMEDICINA<\/p>\n\n\n\n<p>TITULAR: Djair de Lima Ferreira J\u00fanior<\/p>\n\n\n\n<p>SUPLENTE:&nbsp;F\u00e1bio Andr\u00e9 Ramos Couceiro<\/p>\n\n\n\n<p>CONSELHO REGIONAL DE FARM\u00c1CIA<\/p>\n\n\n\n<p>TITULAR: Raquel Brito de Almeida Couto<\/p>\n\n\n\n<p>SUPLENTE: Jessyca Wanessa Soares Ara\u00fajo Silva &nbsp;<\/p>\n\n\n\n<p>3-CONSELHO REGIONAL DE ODONTOLOGIA<\/p>\n\n\n\n<p>TITULAR: Thayane Cavalcante Mendes da Silva<\/p>\n\n\n\n<p>SUPLENTE: Fl\u00e1via Tatiana Santos Melo<\/p>\n\n\n\n<p>CONSELHO REGIONAL DE PSICOLOGIA<\/p>\n\n\n\n<p>TITULAR: Rebecca Brayner Pereira<\/p>\n\n\n\n<p>SUPLENTE: Qu\u00edron de Pontes<\/p>\n\n\n\n<p>SINDICATO DOS ENFERMEIROS DO ESTADO DE PERNAMBUCO \u2013 SEEPE<\/p>\n\n\n\n<p>TITULAR:&nbsp;<strong>&nbsp;<\/strong>Maria Ang\u00e9lica Pires Raposo de Oliveira Gomes<\/p>\n\n\n\n<p>SUPLENTE: Patr\u00edcia Daniella de Ara\u00fajo<\/p>\n\n\n\n<p>SINDICATO PROFISSIONAL DOS AUXILIARES E T\u00c9CNICOS DE ENFERMAGEM de PERNAMBUCO \u2013 SATENPE<\/p>\n\n\n\n<p>TITULAR: Carlos Roberto Pereira da Silva&nbsp;<\/p>\n\n\n\n<p>SUPLENTE: Auxiliadora Maria da Silva<\/p>\n\n\n\n<p><strong><em><u>SEGMENTO<\/u><\/em><\/strong><strong><em><u>:<\/u><\/em><\/strong><strong><em><u>&nbsp;&nbsp;USU\u00c1RIOS DO SUS<\/u><\/em><\/strong><\/p>\n\n\n\n<p>ASSOCIA\u00c7\u00c3O CARUARUENSE DE CEGOS \u2013 ACACE<\/p>\n\n\n\n<p>TITULAR: Lucy Tertulina Alves Lima&nbsp;<\/p>\n\n\n\n<p>SUPLENTE: Ma\u00edsa Alves de Lima<\/p>\n\n\n\n<p>ASSOCIA\u00c7\u00c3O DO DESENVOLVIMENTO COMUNIT\u00c1RIO DE LAJES<\/p>\n\n\n\n<p>TITULAR: Jos\u00e9 de Arimateia Nunes de Medeiros&nbsp;<\/p>\n\n\n\n<p>SUPLENTE: Jos\u00e9 Vitor Nunes de Medeiros&nbsp;&nbsp;<\/p>\n\n\n\n<p>ASSOCIA\u00c7\u00c3O DOS MORADORES E PEQUENOS PRODUTORES DO S\u00cdTIO SERRA VELHA<\/p>\n\n\n\n<p>TITULAR: Rom\u00e1rio dos Santos Silva<\/p>\n\n\n\n<p>SUPLENTE: C\u00edntia Raiane da S. Santos<\/p>\n\n\n\n<p>ASSOCIA\u00c7\u00c3O DOS MORADORES E AGRICULTORES RURAIS DE RIACHO DOCE<\/p>\n\n\n\n<p>TITULAR: Walyson Oliveira da Costa<\/p>\n\n\n\n<p>SUPLENTE: Maria Severina do Nascimento<\/p>\n\n\n\n<p>ASSOCIA\u00c7\u00c3O DOS TRABALHADORES DO ASSENTAMENTO NORMANDIA<\/p>\n\n\n\n<p>TITULAR: &nbsp;Paulo Augusto Matias da Silva&nbsp;&nbsp;CPF 072.134.884-06<\/p>\n\n\n\n<p>SUPLENTE: Jair Henrique da Silva&nbsp;CPF 007.707.514-58<\/p>\n\n\n\n<p>CASA DOS POBRES S\u00c3O FRANCISCO DE ASSIS<\/p>\n\n\n\n<p>TITULAR: Sara Virg\u00ednia Rocha de Queiroz Leite<\/p>\n\n\n\n<p>SUPLENTE: Rafaela dos Santos Melo de Oliveira<\/p>\n\n\n\n<ul class=\"wp-block-list\">\n<li>\u00a0FUNDA\u00c7\u00c3O SANTU\u00c1RIO DAS COMUNIDADES ECLESIAIS DE BASE DO AGRESTE DE PERNAMBUCO<\/li>\n<\/ul>\n\n\n\n<p>TITULAR: Herm\u00ednia Lidu\u00edna Maria Boudens<\/p>\n\n\n\n<p>SUPLENTE: Maria de Nazar\u00e9 Tavares de Miranda&nbsp;<\/p>\n\n\n\n<p>INSTITUTO DE GEST\u00c3O SOCIAL DE PERNAMBUCO-IGESP<\/p>\n\n\n\n<p>TITULAR: Tha\u00eds Dominique Batista Beserra<\/p>\n\n\n\n<p>SUPLENTE: &nbsp;Elton Emanoel Gomes Silva<\/p>\n\n\n\n<p>LOJA MA\u00c7\u00d4NICA DEVER E HUMANIDADE<\/p>\n\n\n\n<p>TITULAR: &nbsp;Itamar Souza de Oliveira&nbsp;<\/p>\n\n\n\n<p>SUPLENTE: Elpidio Freitas de Almeida J\u00fanior<\/p>\n\n\n\n<p>PASTORAL DA CRIAN\u00c7A<\/p>\n\n\n\n<p>TITULAR<strong>:&nbsp;<\/strong>Wilka Moura de Souza Brand\u00e3o&nbsp;<\/p>\n\n\n\n<p>SUPLENTE: Wanderleia&nbsp;&nbsp;Maria Moura de Souza<\/p>\n\n\n\n<p>&nbsp;SINDICATO DOS TRABALHADORES RURAIS E AGRICULTORES E AGRICULTORAS FAMILIARES DE CARUARU-PE<\/p>\n\n\n\n<p>TITULAR: Maria Jos\u00e9 de Carvalho&nbsp;<\/p>\n\n\n\n<p>SUPLENTE: Nat\u00e1lia Nunes de Lima Pereira da Silva<\/p>\n\n\n\n<p>12-UNI\u00c3O BENEFICENTE DOS ARTISTAS E PROFISSIONAIS DE CARUARU<\/p>\n\n\n\n<p>TITULAR: &nbsp;Elis\u00e2ngela Maria e Souza Silva Donato&nbsp;<\/p>\n\n\n\n<p>SUPLENTE: Jos\u00e9 Marcolino da Silva&nbsp;<\/p>\n","protected":false},"excerpt":{"rendered":"<p>Representantes das entidades eleitas para o TRI\u00caNIO 2024-2026 SEGMENTO DO GOVERNO\/PRESTADOR DE SERVI\u00c7O SECRETARIA MUNICIPAL DE SA\u00daDE TITULAR:&nbsp;Matheus Eduardo de Lima Neves SUPLENTE: Ant\u00f4nio Gon\u00e7alves da Silva Neto&nbsp; TITULAR: &nbsp;Laryssa Karol &nbsp;Ferreira dos Santos&#46;&#46;&#46;<\/p>\n","protected":false},"author":16,"featured_media":0,"comment_status":"open","ping_status":"open","sticky":false,"template":"","format":"standard","meta":{"footnotes":""},"categories":[131],"tags":[],"class_list":["post-7463","post","type-post","status-publish","format-standard","hentry","category-composicao-do-conselho"],"_links":{"self":[{"href":"https:\/\/saudecaruaru.pe.gov.br\/site\/index.php\/wp-json\/wp\/v2\/posts\/7463"}],"collection":[{"href":"https:\/\/saudecaruaru.pe.gov.br\/site\/index.php\/wp-json\/wp\/v2\/posts"}],"about":[{"href":"https:\/\/saudecaruaru.pe.gov.br\/site\/index.php\/wp-json\/wp\/v2\/types\/post"}],"author":[{"embeddable":true,"href":"https:\/\/saudecaruaru.pe.gov.br\/site\/index.php\/wp-json\/wp\/v2\/users\/16"}],"replies":[{"embeddable":true,"href":"https:\/\/saudecaruaru.pe.gov.br\/site\/index.php\/wp-json\/wp\/v2\/comments?post=7463"}],"version-history":[{"count":1,"href":"https:\/\/saudecaruaru.pe.gov.br\/site\/index.php\/wp-json\/wp\/v2\/posts\/7463\/revisions"}],"predecessor-version":[{"id":7464,"href":"https:\/\/saudecaruaru.pe.gov.br\/site\/index.php\/wp-json\/wp\/v2\/posts\/7463\/revisions\/7464"}],"wp:attachment":[{"href":"https:\/\/saudecaruaru.pe.gov.br\/site\/index.php\/wp-json\/wp\/v2\/media?parent=7463"}],"wp:term":[{"taxonomy":"category","embeddable":true,"href":"https:\/\/saudecaruaru.pe.gov.br\/site\/index.php\/wp-json\/wp\/v2\/categories?post=7463"},{"taxonomy":"post_tag","embeddable":true,"href":"https:\/\/saudecaruaru.pe.gov.br\/site\/index.php\/wp-json\/wp\/v2\/tags?post=7463"}],"curies":[{"name":"wp","href":"https:\/\/api.w.org\/{rel}","templated":true}]}}